{"id":75,"date":"2016-03-21T10:26:56","date_gmt":"2016-03-21T14:26:56","guid":{"rendered":"http:\/\/laspampas.gob.ec\/cotopaxi\/?p=75"},"modified":"2016-03-21T17:51:58","modified_gmt":"2016-03-21T21:51:58","slug":"comunidades","status":"publish","type":"post","link":"https:\/\/laspampas.gob.ec\/cotopaxi\/comunidades\/","title":{"rendered":"Comunidades"},"content":{"rendered":"<div style=\"overflow: auto; height: 720px;\">\n<p style=\"text-align: center;\"><span style=\"font-family: arial, helvetica, sans-serif; font-size: 12pt; text-decoration: underline;\"><strong>GOBIERNO AUT\u00d3NOMO DESCENTRALIZADO PARROQUIAL RURAL<\/strong><\/span><\/p>\n<p style=\"text-align: center;\"><span style=\"font-family: arial, helvetica, sans-serif; font-size: 12pt; text-decoration: underline;\"><strong> \u00abLAS PAMPAS\u00bb<\/strong><\/span><\/p>\n<p style=\"text-align: center;\">\n<p><span style=\"font-family: arial, helvetica, sans-serif; font-size: 12pt;\">Las Pampas cuenta con 13 recintos: <\/span><\/p>\n<p><span style=\"font-family: arial, helvetica, sans-serif; font-size: 12pt;\">Gal\u00e1pagos, <\/span><\/p>\n<p><span style=\"font-family: arial, helvetica, sans-serif; font-size: 12pt;\">Naranjito, <\/span><\/p>\n<p><span style=\"font-family: arial, helvetica, sans-serif; font-size: 12pt;\">Las Juntas,<\/span><\/p>\n<p><span style=\"font-family: arial, helvetica, sans-serif; font-size: 12pt;\"> Campo Alegre Bajo,<\/span><\/p>\n<p><span style=\"font-family: arial, helvetica, sans-serif; font-size: 12pt;\"> Campo Alegre Alto, <\/span><\/p>\n<p><span style=\"font-family: arial, helvetica, sans-serif; font-size: 12pt;\">Ana Mar\u00eda, <\/span><\/p>\n<p><span style=\"font-family: arial, helvetica, sans-serif; font-size: 12pt;\">San Pablo de Aguilla, <\/span><\/p>\n<p><span style=\"font-family: arial, helvetica, sans-serif; font-size: 12pt;\">La Delicia, <\/span><\/p>\n<p><span style=\"font-family: arial, helvetica, sans-serif; font-size: 12pt;\">Triunfo Bajo, <\/span><\/p>\n<p><span style=\"font-family: arial, helvetica, sans-serif; font-size: 12pt;\">R\u00edo Negro, <\/span><\/p>\n<p><span style=\"font-family: arial, helvetica, sans-serif; font-size: 12pt;\">Saguambi, <\/span><\/p>\n<p><span style=\"font-family: arial, helvetica, sans-serif; font-size: 12pt;\">Los dos R\u00edos, <\/span><\/p>\n<p><span style=\"font-family: arial, helvetica, sans-serif; font-size: 12pt;\">Piedra Colorada.<\/span><\/p>\n<p style=\"text-align: justify;\"><span style=\"text-decoration: underline;\"><strong>\u00a0<\/strong><\/span><\/p>\n<\/div>\n","protected":false},"excerpt":{"rendered":"<p>GOBIERNO AUT\u00d3NOMO DESCENTRALIZADO PARROQUIAL RURAL \u00abLAS PAMPAS\u00bb Las Pampas cuenta con 13 recintos: Gal\u00e1pagos, Naranjito, Las Juntas, Campo Alegre Bajo, Campo Alegre Alto, Ana Mar\u00eda, San Pablo de Aguilla, La Delicia, Triunfo Bajo, R\u00edo Negro, Saguambi, Los dos R\u00edos, Piedra Colorada. \u00a0<\/p>\n","protected":false},"author":2,"featured_media":0,"comment_status":"closed","ping_status":"closed","sticky":false,"template":"","format":"standard","meta":{"footnotes":""},"categories":[1],"tags":[],"class_list":["post-75","post","type-post","status-publish","format-standard","hentry","category-sin-categoria"],"yoast_head":"<!-- This site is optimized with the Yoast SEO plugin v27.5 - https:\/\/yoast.com\/product\/yoast-seo-wordpress\/ -->\n<title>Comunidades - GAD parroquial Las Pampas<\/title>\n<meta name=\"robots\" content=\"index, follow, max-snippet:-1, max-image-preview:large, max-video-preview:-1\" \/>\n<link rel=\"canonical\" href=\"https:\/\/laspampas.gob.ec\/cotopaxi\/comunidades\/\" \/>\n<meta property=\"og:locale\" content=\"es_ES\" \/>\n<meta property=\"og:type\" content=\"article\" \/>\n<meta property=\"og:title\" content=\"Comunidades - GAD parroquial Las Pampas\" \/>\n<meta property=\"og:description\" content=\"GOBIERNO AUT\u00d3NOMO DESCENTRALIZADO PARROQUIAL RURAL \u00abLAS PAMPAS\u00bb Las Pampas cuenta con 13 recintos: Gal\u00e1pagos, Naranjito, Las Juntas, Campo Alegre Bajo, Campo Alegre Alto, Ana Mar\u00eda, San Pablo de Aguilla, La Delicia, Triunfo Bajo, R\u00edo Negro, Saguambi, Los dos R\u00edos, Piedra Colorada. \u00a0\" \/>\n<meta property=\"og:url\" content=\"https:\/\/laspampas.gob.ec\/cotopaxi\/comunidades\/\" \/>\n<meta property=\"og:site_name\" content=\"GAD parroquial Las Pampas\" \/>\n<meta property=\"article:published_time\" content=\"2016-03-21T14:26:56+00:00\" \/>\n<meta property=\"article:modified_time\" content=\"2016-03-21T21:51:58+00:00\" \/>\n<meta name=\"author\" content=\"Las Pampas\" \/>\n<meta name=\"twitter:card\" content=\"summary_large_image\" \/>\n<meta name=\"twitter:label1\" content=\"Escrito por\" \/>\n\t<meta name=\"twitter:data1\" content=\"Las Pampas\" \/>\n<script type=\"application\/ld+json\" class=\"yoast-schema-graph\">{\"@context\":\"https:\\\/\\\/schema.org\",\"@graph\":[{\"@type\":\"Article\",\"@id\":\"https:\\\/\\\/laspampas.gob.ec\\\/cotopaxi\\\/comunidades\\\/#article\",\"isPartOf\":{\"@id\":\"https:\\\/\\\/laspampas.gob.ec\\\/cotopaxi\\\/comunidades\\\/\"},\"author\":{\"name\":\"Las Pampas\",\"@id\":\"https:\\\/\\\/laspampas.gob.ec\\\/cotopaxi\\\/#\\\/schema\\\/person\\\/bc2ccbc479ccdb2acdaff9644468e4c6\"},\"headline\":\"Comunidades\",\"datePublished\":\"2016-03-21T14:26:56+00:00\",\"dateModified\":\"2016-03-21T21:51:58+00:00\",\"mainEntityOfPage\":{\"@id\":\"https:\\\/\\\/laspampas.gob.ec\\\/cotopaxi\\\/comunidades\\\/\"},\"wordCount\":46,\"publisher\":{\"@id\":\"https:\\\/\\\/laspampas.gob.ec\\\/cotopaxi\\\/#organization\"},\"inLanguage\":\"es\"},{\"@type\":\"WebPage\",\"@id\":\"https:\\\/\\\/laspampas.gob.ec\\\/cotopaxi\\\/comunidades\\\/\",\"url\":\"https:\\\/\\\/laspampas.gob.ec\\\/cotopaxi\\\/comunidades\\\/\",\"name\":\"Comunidades - GAD parroquial Las Pampas\",\"isPartOf\":{\"@id\":\"https:\\\/\\\/laspampas.gob.ec\\\/cotopaxi\\\/#website\"},\"datePublished\":\"2016-03-21T14:26:56+00:00\",\"dateModified\":\"2016-03-21T21:51:58+00:00\",\"breadcrumb\":{\"@id\":\"https:\\\/\\\/laspampas.gob.ec\\\/cotopaxi\\\/comunidades\\\/#breadcrumb\"},\"inLanguage\":\"es\",\"potentialAction\":[{\"@type\":\"ReadAction\",\"target\":[\"https:\\\/\\\/laspampas.gob.ec\\\/cotopaxi\\\/comunidades\\\/\"]}]},{\"@type\":\"BreadcrumbList\",\"@id\":\"https:\\\/\\\/laspampas.gob.ec\\\/cotopaxi\\\/comunidades\\\/#breadcrumb\",\"itemListElement\":[{\"@type\":\"ListItem\",\"position\":1,\"name\":\"Home\",\"item\":\"https:\\\/\\\/laspampas.gob.ec\\\/cotopaxi\\\/\"},{\"@type\":\"ListItem\",\"position\":2,\"name\":\"Comunidades\"}]},{\"@type\":\"WebSite\",\"@id\":\"https:\\\/\\\/laspampas.gob.ec\\\/cotopaxi\\\/#website\",\"url\":\"https:\\\/\\\/laspampas.gob.ec\\\/cotopaxi\\\/\",\"name\":\"GAD Parroquial de las Pampas\",\"description\":\"Sitio Oficial del GAD Parroquial de Palo Quemado Cotopaxi\",\"publisher\":{\"@id\":\"https:\\\/\\\/laspampas.gob.ec\\\/cotopaxi\\\/#organization\"},\"potentialAction\":[{\"@type\":\"SearchAction\",\"target\":{\"@type\":\"EntryPoint\",\"urlTemplate\":\"https:\\\/\\\/laspampas.gob.ec\\\/cotopaxi\\\/?s={search_term_string}\"},\"query-input\":{\"@type\":\"PropertyValueSpecification\",\"valueRequired\":true,\"valueName\":\"search_term_string\"}}],\"inLanguage\":\"es\"},{\"@type\":\"Organization\",\"@id\":\"https:\\\/\\\/laspampas.gob.ec\\\/cotopaxi\\\/#organization\",\"name\":\"GAD Parroquial de Las Pampas\",\"url\":\"https:\\\/\\\/laspampas.gob.ec\\\/cotopaxi\\\/\",\"logo\":{\"@type\":\"ImageObject\",\"inLanguage\":\"es\",\"@id\":\"https:\\\/\\\/laspampas.gob.ec\\\/cotopaxi\\\/#\\\/schema\\\/logo\\\/image\\\/\",\"url\":\"https:\\\/\\\/laspampas.gob.ec\\\/cotopaxi\\\/wp-content\\\/uploads\\\/2020\\\/06\\\/logoFooter.png\",\"contentUrl\":\"https:\\\/\\\/laspampas.gob.ec\\\/cotopaxi\\\/wp-content\\\/uploads\\\/2020\\\/06\\\/logoFooter.png\",\"width\":160,\"height\":156,\"caption\":\"GAD Parroquial de Las Pampas\"},\"image\":{\"@id\":\"https:\\\/\\\/laspampas.gob.ec\\\/cotopaxi\\\/#\\\/schema\\\/logo\\\/image\\\/\"}},{\"@type\":\"Person\",\"@id\":\"https:\\\/\\\/laspampas.gob.ec\\\/cotopaxi\\\/#\\\/schema\\\/person\\\/bc2ccbc479ccdb2acdaff9644468e4c6\",\"name\":\"Las Pampas\",\"image\":{\"@type\":\"ImageObject\",\"inLanguage\":\"es\",\"@id\":\"https:\\\/\\\/secure.gravatar.com\\\/avatar\\\/4b2a3b778747c2a400486879a0e33d9a1d3124fd32e554bcd5660b3402864ee9?s=96&d=mm&r=g\",\"url\":\"https:\\\/\\\/secure.gravatar.com\\\/avatar\\\/4b2a3b778747c2a400486879a0e33d9a1d3124fd32e554bcd5660b3402864ee9?s=96&d=mm&r=g\",\"contentUrl\":\"https:\\\/\\\/secure.gravatar.com\\\/avatar\\\/4b2a3b778747c2a400486879a0e33d9a1d3124fd32e554bcd5660b3402864ee9?s=96&d=mm&r=g\",\"caption\":\"Las Pampas\"},\"url\":\"https:\\\/\\\/laspampas.gob.ec\\\/cotopaxi\\\/author\\\/alaspampas\\\/\"}]}<\/script>\n<!-- \/ Yoast SEO plugin. -->","yoast_head_json":{"title":"Comunidades - GAD parroquial Las Pampas","robots":{"index":"index","follow":"follow","max-snippet":"max-snippet:-1","max-image-preview":"max-image-preview:large","max-video-preview":"max-video-preview:-1"},"canonical":"https:\/\/laspampas.gob.ec\/cotopaxi\/comunidades\/","og_locale":"es_ES","og_type":"article","og_title":"Comunidades - GAD parroquial Las Pampas","og_description":"GOBIERNO AUT\u00d3NOMO DESCENTRALIZADO PARROQUIAL RURAL \u00abLAS PAMPAS\u00bb Las Pampas cuenta con 13 recintos: Gal\u00e1pagos, Naranjito, Las Juntas, Campo Alegre Bajo, Campo Alegre Alto, Ana Mar\u00eda, San Pablo de Aguilla, La Delicia, Triunfo Bajo, R\u00edo Negro, Saguambi, Los dos R\u00edos, Piedra Colorada. \u00a0","og_url":"https:\/\/laspampas.gob.ec\/cotopaxi\/comunidades\/","og_site_name":"GAD parroquial Las Pampas","article_published_time":"2016-03-21T14:26:56+00:00","article_modified_time":"2016-03-21T21:51:58+00:00","author":"Las Pampas","twitter_card":"summary_large_image","twitter_misc":{"Escrito por":"Las Pampas"},"schema":{"@context":"https:\/\/schema.org","@graph":[{"@type":"Article","@id":"https:\/\/laspampas.gob.ec\/cotopaxi\/comunidades\/#article","isPartOf":{"@id":"https:\/\/laspampas.gob.ec\/cotopaxi\/comunidades\/"},"author":{"name":"Las Pampas","@id":"https:\/\/laspampas.gob.ec\/cotopaxi\/#\/schema\/person\/bc2ccbc479ccdb2acdaff9644468e4c6"},"headline":"Comunidades","datePublished":"2016-03-21T14:26:56+00:00","dateModified":"2016-03-21T21:51:58+00:00","mainEntityOfPage":{"@id":"https:\/\/laspampas.gob.ec\/cotopaxi\/comunidades\/"},"wordCount":46,"publisher":{"@id":"https:\/\/laspampas.gob.ec\/cotopaxi\/#organization"},"inLanguage":"es"},{"@type":"WebPage","@id":"https:\/\/laspampas.gob.ec\/cotopaxi\/comunidades\/","url":"https:\/\/laspampas.gob.ec\/cotopaxi\/comunidades\/","name":"Comunidades - GAD parroquial Las Pampas","isPartOf":{"@id":"https:\/\/laspampas.gob.ec\/cotopaxi\/#website"},"datePublished":"2016-03-21T14:26:56+00:00","dateModified":"2016-03-21T21:51:58+00:00","breadcrumb":{"@id":"https:\/\/laspampas.gob.ec\/cotopaxi\/comunidades\/#breadcrumb"},"inLanguage":"es","potentialAction":[{"@type":"ReadAction","target":["https:\/\/laspampas.gob.ec\/cotopaxi\/comunidades\/"]}]},{"@type":"BreadcrumbList","@id":"https:\/\/laspampas.gob.ec\/cotopaxi\/comunidades\/#breadcrumb","itemListElement":[{"@type":"ListItem","position":1,"name":"Home","item":"https:\/\/laspampas.gob.ec\/cotopaxi\/"},{"@type":"ListItem","position":2,"name":"Comunidades"}]},{"@type":"WebSite","@id":"https:\/\/laspampas.gob.ec\/cotopaxi\/#website","url":"https:\/\/laspampas.gob.ec\/cotopaxi\/","name":"GAD Parroquial de las Pampas","description":"Sitio Oficial del GAD Parroquial de Palo Quemado Cotopaxi","publisher":{"@id":"https:\/\/laspampas.gob.ec\/cotopaxi\/#organization"},"potentialAction":[{"@type":"SearchAction","target":{"@type":"EntryPoint","urlTemplate":"https:\/\/laspampas.gob.ec\/cotopaxi\/?s={search_term_string}"},"query-input":{"@type":"PropertyValueSpecification","valueRequired":true,"valueName":"search_term_string"}}],"inLanguage":"es"},{"@type":"Organization","@id":"https:\/\/laspampas.gob.ec\/cotopaxi\/#organization","name":"GAD Parroquial de Las Pampas","url":"https:\/\/laspampas.gob.ec\/cotopaxi\/","logo":{"@type":"ImageObject","inLanguage":"es","@id":"https:\/\/laspampas.gob.ec\/cotopaxi\/#\/schema\/logo\/image\/","url":"https:\/\/laspampas.gob.ec\/cotopaxi\/wp-content\/uploads\/2020\/06\/logoFooter.png","contentUrl":"https:\/\/laspampas.gob.ec\/cotopaxi\/wp-content\/uploads\/2020\/06\/logoFooter.png","width":160,"height":156,"caption":"GAD Parroquial de Las Pampas"},"image":{"@id":"https:\/\/laspampas.gob.ec\/cotopaxi\/#\/schema\/logo\/image\/"}},{"@type":"Person","@id":"https:\/\/laspampas.gob.ec\/cotopaxi\/#\/schema\/person\/bc2ccbc479ccdb2acdaff9644468e4c6","name":"Las Pampas","image":{"@type":"ImageObject","inLanguage":"es","@id":"https:\/\/secure.gravatar.com\/avatar\/4b2a3b778747c2a400486879a0e33d9a1d3124fd32e554bcd5660b3402864ee9?s=96&d=mm&r=g","url":"https:\/\/secure.gravatar.com\/avatar\/4b2a3b778747c2a400486879a0e33d9a1d3124fd32e554bcd5660b3402864ee9?s=96&d=mm&r=g","contentUrl":"https:\/\/secure.gravatar.com\/avatar\/4b2a3b778747c2a400486879a0e33d9a1d3124fd32e554bcd5660b3402864ee9?s=96&d=mm&r=g","caption":"Las Pampas"},"url":"https:\/\/laspampas.gob.ec\/cotopaxi\/author\/alaspampas\/"}]}},"_links":{"self":[{"href":"https:\/\/laspampas.gob.ec\/cotopaxi\/wp-json\/wp\/v2\/posts\/75","targetHints":{"allow":["GET"]}}],"collection":[{"href":"https:\/\/laspampas.gob.ec\/cotopaxi\/wp-json\/wp\/v2\/posts"}],"about":[{"href":"https:\/\/laspampas.gob.ec\/cotopaxi\/wp-json\/wp\/v2\/types\/post"}],"author":[{"embeddable":true,"href":"https:\/\/laspampas.gob.ec\/cotopaxi\/wp-json\/wp\/v2\/users\/2"}],"replies":[{"embeddable":true,"href":"https:\/\/laspampas.gob.ec\/cotopaxi\/wp-json\/wp\/v2\/comments?post=75"}],"version-history":[{"count":2,"href":"https:\/\/laspampas.gob.ec\/cotopaxi\/wp-json\/wp\/v2\/posts\/75\/revisions"}],"predecessor-version":[{"id":285,"href":"https:\/\/laspampas.gob.ec\/cotopaxi\/wp-json\/wp\/v2\/posts\/75\/revisions\/285"}],"wp:attachment":[{"href":"https:\/\/laspampas.gob.ec\/cotopaxi\/wp-json\/wp\/v2\/media?parent=75"}],"wp:term":[{"taxonomy":"category","embeddable":true,"href":"https:\/\/laspampas.gob.ec\/cotopaxi\/wp-json\/wp\/v2\/categories?post=75"},{"taxonomy":"post_tag","embeddable":true,"href":"https:\/\/laspampas.gob.ec\/cotopaxi\/wp-json\/wp\/v2\/tags?post=75"}],"curies":[{"name":"wp","href":"https:\/\/api.w.org\/{rel}","templated":true}]}}