{"id":73,"date":"2011-08-22T00:26:00","date_gmt":"2011-08-22T04:26:00","guid":{"rendered":"http:\/\/laspampas.gob.ec\/cotopaxi\/?p=73"},"modified":"2025-08-04T10:33:12","modified_gmt":"2025-08-04T14:33:12","slug":"datos-generales","status":"publish","type":"post","link":"https:\/\/laspampas.gob.ec\/cotopaxi\/datos-generales\/","title":{"rendered":"Datos Generales"},"content":{"rendered":"<p style=\"text-align: center;\"><strong><span style=\"text-decoration: underline;\">DATOS GENERALES DE LA PARROQUIA \u00abLAS PAMPAS\u00bb<\/span><\/strong><\/p>\n<p><img loading=\"lazy\" decoding=\"async\" class=\"size-medium wp-image-4190 aligncenter\" src=\"https:\/\/laspampas.gob.ec\/cotopaxi\/wp-content\/uploads\/2011\/08\/LAS-PAMPAS-550x413.jpeg\" alt=\"\" width=\"550\" height=\"413\" srcset=\"https:\/\/laspampas.gob.ec\/cotopaxi\/wp-content\/uploads\/2011\/08\/LAS-PAMPAS-550x413.jpeg 550w, https:\/\/laspampas.gob.ec\/cotopaxi\/wp-content\/uploads\/2011\/08\/LAS-PAMPAS-768x576.jpeg 768w, https:\/\/laspampas.gob.ec\/cotopaxi\/wp-content\/uploads\/2011\/08\/LAS-PAMPAS.jpeg 960w\" sizes=\"auto, (max-width: 550px) 100vw, 550px\" \/><\/p>\n<p align=\"justify\"><a href=\"https:\/\/laspampas.gob.ec\/cotopaxi\/wp-content\/uploads\/2011\/08\/Las-Pampas-REGISTRO-OFICIAL.pdf\">Las Pampas REGISTRO OFICIAL<\/a><\/p>\n<p align=\"justify\"><a href=\"https:\/\/laspampas.gob.ec\/cotopaxi\/wp-content\/uploads\/2011\/08\/REGISTRO-OFICIAL-193-DEL-27-DE-OCTUBRE-DEL-2000-1.pdf\">REGISTRO-OFICIAL-193-DEL-27-DE-OCTUBRE-DEL-2000 (1)<\/a><\/p>\n<p align=\"justify\"><span style=\"font-family: 'Times New Roman', Times, serif; font-size: 16px;\">La poblaci\u00f3n m\u00e1s cercana al BIO es la parroquia de San Francisco de Las Pampas localizada a media v\u00eda entre Sigchos y Santo Domingo de los Colorados, est\u00e1 en la limitante de la provincia de Cotopaxi y Pichincha a unos 1.600 msnm.<\/span><\/p>\n<p style=\"font-family: 'Times New Roman', Times, serif; font-size: 16px;\" align=\"justify\">La carretera de acceso no es pavimentada por lo que desde la Uni\u00f3n de Toachi hasta al pueblo de San Francisco de las Pampas se requiere entre dos a tres horas en carro para recorrerla. En el camino se encuentra los recintos de Santa Rosa, Las minas de Palo quemado, Palo Quemado, Naranjito y Gal\u00e1pagos y finalmente San Francisco de las Pampas<\/p>\n<p style=\"font-family: 'Times New Roman', Times, serif; font-size: 16px;\" align=\"justify\">Debido a las altas precipitaciones, deforestaci\u00f3n y movimientos tel\u00faricos, existen frecuentes interrupciones es la carretera. Los bosques primarios desaparecen r\u00e1pidamente por la tala indiscriminada de \u00e1rboles al igual que la fauna por lo que, muchas formas de vida se encuentran en peligro de extinci\u00f3n.<\/p>\n<p style=\"font-family: 'Times New Roman', Times, serif; font-size: 16px;\" align=\"justify\">La actividad econ\u00f3mica principal de la zona est\u00e1 basada en la producci\u00f3n de panela, sin ser suficiente para cubrir las necesidades b\u00e1sicas de sus habitantes como la alimentaci\u00f3n y educaci\u00f3n, por esta raz\u00f3n los moradores recurren a la caza, tala de \u00e1rboles, cultivan pl\u00e1tano, camote, yuca y papa china dentro de sus propias tierras y \u00e9sto sirve para consumo familiar. En la actualidad tambi\u00e9n se dedican a la ganader\u00eda, pero esta actividad solo pueden desarrollar las personas de mejores condiciones econ\u00f3micas o recurriendo a prestamos bancarios.<\/p>\n<p align=\"justify\">ACTUALIZACION DEL PLAN DE DESARROLLO Y ORDENAMIENTO TERRITORIAL LAS PAMPAS<\/p>\n<p align=\"justify\"><a href=\"https:\/\/laspampas.gob.ec\/cotopaxi\/wp-content\/uploads\/2022\/09\/ALINEACION-PDYOT-PERFECTO_compressed.pdf\">ALINEACION PDYOT PERFECTO_compressed<\/a><\/p>\n<p align=\"justify\"><a href=\"https:\/\/laspampas.gob.ec\/cotopaxi\/wp-content\/uploads\/2022\/09\/RESOLUCION.pdf\">RESOLUCION<\/a><\/p>\n<p align=\"justify\"><a href=\"https:\/\/laspampas.gob.ec\/cotopaxi\/wp-content\/uploads\/2022\/09\/APROBACION-DE-LA-ALINEACION-DE-LOS-PLANES-DE-DESARROLLO-Y-ORDENAMIENTO-TERRITORIAL-DE-LOS-GOBIERNOS-AUTONOMOS-DESCENTRALIZADOS-AL-NUEVO-PLAN-NACIONAL-DE-DESARROLLO-2021-2025.pdf\">APROBACION DE LA ALINEACI\u00d3N DE LOS PLANES DE DESARROLLO Y ORDENAMIENTO TERRITORIAL DE LOS GOBIERNOS AUT\u00d3NOMOS DESCENTRALIZADOS AL NUEVO PLAN NACIONAL DE DESARROLLO 2021-2025<\/a><\/p>\n<p style=\"text-align: center;\"><strong><span style=\"text-decoration: underline;\">\u00a0<\/span><\/strong><\/p>\n","protected":false},"excerpt":{"rendered":"<p>DATOS GENERALES DE LA PARROQUIA \u00abLAS PAMPAS\u00bb Las Pampas REGISTRO OFICIAL REGISTRO-OFICIAL-193-DEL-27-DE-OCTUBRE-DEL-2000 (1) La poblaci\u00f3n m\u00e1s cercana al BIO es la parroquia de San Francisco de Las Pampas localizada a media v\u00eda entre Sigchos y Santo Domingo de los Colorados, est\u00e1 en la limitante de la provincia de Cotopaxi y Pichincha a unos 1.600 msnm. [&hellip;]<\/p>\n","protected":false},"author":2,"featured_media":0,"comment_status":"closed","ping_status":"closed","sticky":false,"template":"","format":"standard","meta":{"footnotes":""},"categories":[1],"tags":[],"class_list":["post-73","post","type-post","status-publish","format-standard","hentry","category-sin-categoria"],"yoast_head":"<!-- This site is optimized with the Yoast SEO plugin v27.5 - https:\/\/yoast.com\/product\/yoast-seo-wordpress\/ -->\n<title>Datos Generales - GAD parroquial Las Pampas<\/title>\n<meta name=\"robots\" content=\"index, follow, max-snippet:-1, max-image-preview:large, max-video-preview:-1\" \/>\n<link rel=\"canonical\" href=\"https:\/\/laspampas.gob.ec\/cotopaxi\/datos-generales\/\" \/>\n<meta property=\"og:locale\" content=\"es_ES\" \/>\n<meta property=\"og:type\" content=\"article\" \/>\n<meta property=\"og:title\" content=\"Datos Generales - GAD parroquial Las Pampas\" \/>\n<meta property=\"og:description\" content=\"DATOS GENERALES DE LA PARROQUIA \u00abLAS PAMPAS\u00bb Las Pampas REGISTRO OFICIAL REGISTRO-OFICIAL-193-DEL-27-DE-OCTUBRE-DEL-2000 (1) La poblaci\u00f3n m\u00e1s cercana al BIO es la parroquia de San Francisco de Las Pampas localizada a media v\u00eda entre Sigchos y Santo Domingo de los Colorados, est\u00e1 en la limitante de la provincia de Cotopaxi y Pichincha a unos 1.600 msnm. [&hellip;]\" \/>\n<meta property=\"og:url\" content=\"https:\/\/laspampas.gob.ec\/cotopaxi\/datos-generales\/\" \/>\n<meta property=\"og:site_name\" content=\"GAD parroquial Las Pampas\" \/>\n<meta property=\"article:published_time\" content=\"2011-08-22T04:26:00+00:00\" \/>\n<meta property=\"article:modified_time\" content=\"2025-08-04T14:33:12+00:00\" \/>\n<meta property=\"og:image\" content=\"https:\/\/laspampas.gob.ec\/cotopaxi\/wp-content\/uploads\/2011\/08\/LAS-PAMPAS.jpeg\" \/>\n\t<meta property=\"og:image:width\" content=\"960\" \/>\n\t<meta property=\"og:image:height\" content=\"720\" \/>\n\t<meta property=\"og:image:type\" content=\"image\/jpeg\" \/>\n<meta name=\"author\" content=\"Las Pampas\" \/>\n<meta name=\"twitter:card\" content=\"summary_large_image\" \/>\n<meta name=\"twitter:label1\" content=\"Escrito por\" \/>\n\t<meta name=\"twitter:data1\" content=\"Las Pampas\" \/>\n\t<meta name=\"twitter:label2\" content=\"Tiempo de lectura\" \/>\n\t<meta name=\"twitter:data2\" content=\"2 minutos\" \/>\n<script type=\"application\/ld+json\" class=\"yoast-schema-graph\">{\"@context\":\"https:\\\/\\\/schema.org\",\"@graph\":[{\"@type\":\"Article\",\"@id\":\"https:\\\/\\\/laspampas.gob.ec\\\/cotopaxi\\\/datos-generales\\\/#article\",\"isPartOf\":{\"@id\":\"https:\\\/\\\/laspampas.gob.ec\\\/cotopaxi\\\/datos-generales\\\/\"},\"author\":{\"name\":\"Las Pampas\",\"@id\":\"https:\\\/\\\/laspampas.gob.ec\\\/cotopaxi\\\/#\\\/schema\\\/person\\\/bc2ccbc479ccdb2acdaff9644468e4c6\"},\"headline\":\"Datos Generales\",\"datePublished\":\"2011-08-22T04:26:00+00:00\",\"dateModified\":\"2025-08-04T14:33:12+00:00\",\"mainEntityOfPage\":{\"@id\":\"https:\\\/\\\/laspampas.gob.ec\\\/cotopaxi\\\/datos-generales\\\/\"},\"wordCount\":309,\"publisher\":{\"@id\":\"https:\\\/\\\/laspampas.gob.ec\\\/cotopaxi\\\/#organization\"},\"image\":{\"@id\":\"https:\\\/\\\/laspampas.gob.ec\\\/cotopaxi\\\/datos-generales\\\/#primaryimage\"},\"thumbnailUrl\":\"https:\\\/\\\/laspampas.gob.ec\\\/cotopaxi\\\/wp-content\\\/uploads\\\/2011\\\/08\\\/LAS-PAMPAS-550x413.jpeg\",\"inLanguage\":\"es\"},{\"@type\":\"WebPage\",\"@id\":\"https:\\\/\\\/laspampas.gob.ec\\\/cotopaxi\\\/datos-generales\\\/\",\"url\":\"https:\\\/\\\/laspampas.gob.ec\\\/cotopaxi\\\/datos-generales\\\/\",\"name\":\"Datos Generales - GAD parroquial Las Pampas\",\"isPartOf\":{\"@id\":\"https:\\\/\\\/laspampas.gob.ec\\\/cotopaxi\\\/#website\"},\"primaryImageOfPage\":{\"@id\":\"https:\\\/\\\/laspampas.gob.ec\\\/cotopaxi\\\/datos-generales\\\/#primaryimage\"},\"image\":{\"@id\":\"https:\\\/\\\/laspampas.gob.ec\\\/cotopaxi\\\/datos-generales\\\/#primaryimage\"},\"thumbnailUrl\":\"https:\\\/\\\/laspampas.gob.ec\\\/cotopaxi\\\/wp-content\\\/uploads\\\/2011\\\/08\\\/LAS-PAMPAS-550x413.jpeg\",\"datePublished\":\"2011-08-22T04:26:00+00:00\",\"dateModified\":\"2025-08-04T14:33:12+00:00\",\"breadcrumb\":{\"@id\":\"https:\\\/\\\/laspampas.gob.ec\\\/cotopaxi\\\/datos-generales\\\/#breadcrumb\"},\"inLanguage\":\"es\",\"potentialAction\":[{\"@type\":\"ReadAction\",\"target\":[\"https:\\\/\\\/laspampas.gob.ec\\\/cotopaxi\\\/datos-generales\\\/\"]}]},{\"@type\":\"ImageObject\",\"inLanguage\":\"es\",\"@id\":\"https:\\\/\\\/laspampas.gob.ec\\\/cotopaxi\\\/datos-generales\\\/#primaryimage\",\"url\":\"https:\\\/\\\/laspampas.gob.ec\\\/cotopaxi\\\/wp-content\\\/uploads\\\/2011\\\/08\\\/LAS-PAMPAS.jpeg\",\"contentUrl\":\"https:\\\/\\\/laspampas.gob.ec\\\/cotopaxi\\\/wp-content\\\/uploads\\\/2011\\\/08\\\/LAS-PAMPAS.jpeg\",\"width\":960,\"height\":720},{\"@type\":\"BreadcrumbList\",\"@id\":\"https:\\\/\\\/laspampas.gob.ec\\\/cotopaxi\\\/datos-generales\\\/#breadcrumb\",\"itemListElement\":[{\"@type\":\"ListItem\",\"position\":1,\"name\":\"Home\",\"item\":\"https:\\\/\\\/laspampas.gob.ec\\\/cotopaxi\\\/\"},{\"@type\":\"ListItem\",\"position\":2,\"name\":\"Datos Generales\"}]},{\"@type\":\"WebSite\",\"@id\":\"https:\\\/\\\/laspampas.gob.ec\\\/cotopaxi\\\/#website\",\"url\":\"https:\\\/\\\/laspampas.gob.ec\\\/cotopaxi\\\/\",\"name\":\"GAD Parroquial de las Pampas\",\"description\":\"Sitio Oficial del GAD Parroquial de Palo Quemado Cotopaxi\",\"publisher\":{\"@id\":\"https:\\\/\\\/laspampas.gob.ec\\\/cotopaxi\\\/#organization\"},\"potentialAction\":[{\"@type\":\"SearchAction\",\"target\":{\"@type\":\"EntryPoint\",\"urlTemplate\":\"https:\\\/\\\/laspampas.gob.ec\\\/cotopaxi\\\/?s={search_term_string}\"},\"query-input\":{\"@type\":\"PropertyValueSpecification\",\"valueRequired\":true,\"valueName\":\"search_term_string\"}}],\"inLanguage\":\"es\"},{\"@type\":\"Organization\",\"@id\":\"https:\\\/\\\/laspampas.gob.ec\\\/cotopaxi\\\/#organization\",\"name\":\"GAD Parroquial de Las Pampas\",\"url\":\"https:\\\/\\\/laspampas.gob.ec\\\/cotopaxi\\\/\",\"logo\":{\"@type\":\"ImageObject\",\"inLanguage\":\"es\",\"@id\":\"https:\\\/\\\/laspampas.gob.ec\\\/cotopaxi\\\/#\\\/schema\\\/logo\\\/image\\\/\",\"url\":\"https:\\\/\\\/laspampas.gob.ec\\\/cotopaxi\\\/wp-content\\\/uploads\\\/2020\\\/06\\\/logoFooter.png\",\"contentUrl\":\"https:\\\/\\\/laspampas.gob.ec\\\/cotopaxi\\\/wp-content\\\/uploads\\\/2020\\\/06\\\/logoFooter.png\",\"width\":160,\"height\":156,\"caption\":\"GAD Parroquial de Las Pampas\"},\"image\":{\"@id\":\"https:\\\/\\\/laspampas.gob.ec\\\/cotopaxi\\\/#\\\/schema\\\/logo\\\/image\\\/\"}},{\"@type\":\"Person\",\"@id\":\"https:\\\/\\\/laspampas.gob.ec\\\/cotopaxi\\\/#\\\/schema\\\/person\\\/bc2ccbc479ccdb2acdaff9644468e4c6\",\"name\":\"Las Pampas\",\"image\":{\"@type\":\"ImageObject\",\"inLanguage\":\"es\",\"@id\":\"https:\\\/\\\/secure.gravatar.com\\\/avatar\\\/4b2a3b778747c2a400486879a0e33d9a1d3124fd32e554bcd5660b3402864ee9?s=96&d=mm&r=g\",\"url\":\"https:\\\/\\\/secure.gravatar.com\\\/avatar\\\/4b2a3b778747c2a400486879a0e33d9a1d3124fd32e554bcd5660b3402864ee9?s=96&d=mm&r=g\",\"contentUrl\":\"https:\\\/\\\/secure.gravatar.com\\\/avatar\\\/4b2a3b778747c2a400486879a0e33d9a1d3124fd32e554bcd5660b3402864ee9?s=96&d=mm&r=g\",\"caption\":\"Las Pampas\"},\"url\":\"https:\\\/\\\/laspampas.gob.ec\\\/cotopaxi\\\/author\\\/alaspampas\\\/\"}]}<\/script>\n<!-- \/ Yoast SEO plugin. -->","yoast_head_json":{"title":"Datos Generales - GAD parroquial Las Pampas","robots":{"index":"index","follow":"follow","max-snippet":"max-snippet:-1","max-image-preview":"max-image-preview:large","max-video-preview":"max-video-preview:-1"},"canonical":"https:\/\/laspampas.gob.ec\/cotopaxi\/datos-generales\/","og_locale":"es_ES","og_type":"article","og_title":"Datos Generales - GAD parroquial Las Pampas","og_description":"DATOS GENERALES DE LA PARROQUIA \u00abLAS PAMPAS\u00bb Las Pampas REGISTRO OFICIAL REGISTRO-OFICIAL-193-DEL-27-DE-OCTUBRE-DEL-2000 (1) La poblaci\u00f3n m\u00e1s cercana al BIO es la parroquia de San Francisco de Las Pampas localizada a media v\u00eda entre Sigchos y Santo Domingo de los Colorados, est\u00e1 en la limitante de la provincia de Cotopaxi y Pichincha a unos 1.600 msnm. [&hellip;]","og_url":"https:\/\/laspampas.gob.ec\/cotopaxi\/datos-generales\/","og_site_name":"GAD parroquial Las Pampas","article_published_time":"2011-08-22T04:26:00+00:00","article_modified_time":"2025-08-04T14:33:12+00:00","og_image":[{"width":960,"height":720,"url":"https:\/\/laspampas.gob.ec\/cotopaxi\/wp-content\/uploads\/2011\/08\/LAS-PAMPAS.jpeg","type":"image\/jpeg"}],"author":"Las Pampas","twitter_card":"summary_large_image","twitter_misc":{"Escrito por":"Las Pampas","Tiempo de lectura":"2 minutos"},"schema":{"@context":"https:\/\/schema.org","@graph":[{"@type":"Article","@id":"https:\/\/laspampas.gob.ec\/cotopaxi\/datos-generales\/#article","isPartOf":{"@id":"https:\/\/laspampas.gob.ec\/cotopaxi\/datos-generales\/"},"author":{"name":"Las Pampas","@id":"https:\/\/laspampas.gob.ec\/cotopaxi\/#\/schema\/person\/bc2ccbc479ccdb2acdaff9644468e4c6"},"headline":"Datos Generales","datePublished":"2011-08-22T04:26:00+00:00","dateModified":"2025-08-04T14:33:12+00:00","mainEntityOfPage":{"@id":"https:\/\/laspampas.gob.ec\/cotopaxi\/datos-generales\/"},"wordCount":309,"publisher":{"@id":"https:\/\/laspampas.gob.ec\/cotopaxi\/#organization"},"image":{"@id":"https:\/\/laspampas.gob.ec\/cotopaxi\/datos-generales\/#primaryimage"},"thumbnailUrl":"https:\/\/laspampas.gob.ec\/cotopaxi\/wp-content\/uploads\/2011\/08\/LAS-PAMPAS-550x413.jpeg","inLanguage":"es"},{"@type":"WebPage","@id":"https:\/\/laspampas.gob.ec\/cotopaxi\/datos-generales\/","url":"https:\/\/laspampas.gob.ec\/cotopaxi\/datos-generales\/","name":"Datos Generales - GAD parroquial Las Pampas","isPartOf":{"@id":"https:\/\/laspampas.gob.ec\/cotopaxi\/#website"},"primaryImageOfPage":{"@id":"https:\/\/laspampas.gob.ec\/cotopaxi\/datos-generales\/#primaryimage"},"image":{"@id":"https:\/\/laspampas.gob.ec\/cotopaxi\/datos-generales\/#primaryimage"},"thumbnailUrl":"https:\/\/laspampas.gob.ec\/cotopaxi\/wp-content\/uploads\/2011\/08\/LAS-PAMPAS-550x413.jpeg","datePublished":"2011-08-22T04:26:00+00:00","dateModified":"2025-08-04T14:33:12+00:00","breadcrumb":{"@id":"https:\/\/laspampas.gob.ec\/cotopaxi\/datos-generales\/#breadcrumb"},"inLanguage":"es","potentialAction":[{"@type":"ReadAction","target":["https:\/\/laspampas.gob.ec\/cotopaxi\/datos-generales\/"]}]},{"@type":"ImageObject","inLanguage":"es","@id":"https:\/\/laspampas.gob.ec\/cotopaxi\/datos-generales\/#primaryimage","url":"https:\/\/laspampas.gob.ec\/cotopaxi\/wp-content\/uploads\/2011\/08\/LAS-PAMPAS.jpeg","contentUrl":"https:\/\/laspampas.gob.ec\/cotopaxi\/wp-content\/uploads\/2011\/08\/LAS-PAMPAS.jpeg","width":960,"height":720},{"@type":"BreadcrumbList","@id":"https:\/\/laspampas.gob.ec\/cotopaxi\/datos-generales\/#breadcrumb","itemListElement":[{"@type":"ListItem","position":1,"name":"Home","item":"https:\/\/laspampas.gob.ec\/cotopaxi\/"},{"@type":"ListItem","position":2,"name":"Datos Generales"}]},{"@type":"WebSite","@id":"https:\/\/laspampas.gob.ec\/cotopaxi\/#website","url":"https:\/\/laspampas.gob.ec\/cotopaxi\/","name":"GAD Parroquial de las Pampas","description":"Sitio Oficial del GAD Parroquial de Palo Quemado Cotopaxi","publisher":{"@id":"https:\/\/laspampas.gob.ec\/cotopaxi\/#organization"},"potentialAction":[{"@type":"SearchAction","target":{"@type":"EntryPoint","urlTemplate":"https:\/\/laspampas.gob.ec\/cotopaxi\/?s={search_term_string}"},"query-input":{"@type":"PropertyValueSpecification","valueRequired":true,"valueName":"search_term_string"}}],"inLanguage":"es"},{"@type":"Organization","@id":"https:\/\/laspampas.gob.ec\/cotopaxi\/#organization","name":"GAD Parroquial de Las Pampas","url":"https:\/\/laspampas.gob.ec\/cotopaxi\/","logo":{"@type":"ImageObject","inLanguage":"es","@id":"https:\/\/laspampas.gob.ec\/cotopaxi\/#\/schema\/logo\/image\/","url":"https:\/\/laspampas.gob.ec\/cotopaxi\/wp-content\/uploads\/2020\/06\/logoFooter.png","contentUrl":"https:\/\/laspampas.gob.ec\/cotopaxi\/wp-content\/uploads\/2020\/06\/logoFooter.png","width":160,"height":156,"caption":"GAD Parroquial de Las Pampas"},"image":{"@id":"https:\/\/laspampas.gob.ec\/cotopaxi\/#\/schema\/logo\/image\/"}},{"@type":"Person","@id":"https:\/\/laspampas.gob.ec\/cotopaxi\/#\/schema\/person\/bc2ccbc479ccdb2acdaff9644468e4c6","name":"Las Pampas","image":{"@type":"ImageObject","inLanguage":"es","@id":"https:\/\/secure.gravatar.com\/avatar\/4b2a3b778747c2a400486879a0e33d9a1d3124fd32e554bcd5660b3402864ee9?s=96&d=mm&r=g","url":"https:\/\/secure.gravatar.com\/avatar\/4b2a3b778747c2a400486879a0e33d9a1d3124fd32e554bcd5660b3402864ee9?s=96&d=mm&r=g","contentUrl":"https:\/\/secure.gravatar.com\/avatar\/4b2a3b778747c2a400486879a0e33d9a1d3124fd32e554bcd5660b3402864ee9?s=96&d=mm&r=g","caption":"Las Pampas"},"url":"https:\/\/laspampas.gob.ec\/cotopaxi\/author\/alaspampas\/"}]}},"_links":{"self":[{"href":"https:\/\/laspampas.gob.ec\/cotopaxi\/wp-json\/wp\/v2\/posts\/73","targetHints":{"allow":["GET"]}}],"collection":[{"href":"https:\/\/laspampas.gob.ec\/cotopaxi\/wp-json\/wp\/v2\/posts"}],"about":[{"href":"https:\/\/laspampas.gob.ec\/cotopaxi\/wp-json\/wp\/v2\/types\/post"}],"author":[{"embeddable":true,"href":"https:\/\/laspampas.gob.ec\/cotopaxi\/wp-json\/wp\/v2\/users\/2"}],"replies":[{"embeddable":true,"href":"https:\/\/laspampas.gob.ec\/cotopaxi\/wp-json\/wp\/v2\/comments?post=73"}],"version-history":[{"count":7,"href":"https:\/\/laspampas.gob.ec\/cotopaxi\/wp-json\/wp\/v2\/posts\/73\/revisions"}],"predecessor-version":[{"id":181,"href":"https:\/\/laspampas.gob.ec\/cotopaxi\/wp-json\/wp\/v2\/posts\/73\/revisions\/181"}],"wp:attachment":[{"href":"https:\/\/laspampas.gob.ec\/cotopaxi\/wp-json\/wp\/v2\/media?parent=73"}],"wp:term":[{"taxonomy":"category","embeddable":true,"href":"https:\/\/laspampas.gob.ec\/cotopaxi\/wp-json\/wp\/v2\/categories?post=73"},{"taxonomy":"post_tag","embeddable":true,"href":"https:\/\/laspampas.gob.ec\/cotopaxi\/wp-json\/wp\/v2\/tags?post=73"}],"curies":[{"name":"wp","href":"https:\/\/api.w.org\/{rel}","templated":true}]}}